{"id":3238,"global_id":"www.netzwerkdemenz-landkreisneunkirchen.de?id=3238","global_id_lineage":["www.netzwerkdemenz-landkreisneunkirchen.de?id=3238"],"author":"3","status":"publish","date":"2026-03-16 07:58:21","date_utc":"2026-03-16 07:58:21","modified":"2026-03-16 07:58:21","modified_utc":"2026-03-16 07:58:21","url":"https:\/\/www.netzwerkdemenz-landkreisneunkirchen.de\/?tribe_events=marktplatz-ehrenamt","rest_url":"https:\/\/www.netzwerkdemenz-landkreisneunkirchen.de\/index.php?rest_route=\/tribe\/events\/v1\/events\/3238","title":"Marktplatz Ehrenamt","description":"<p>Am Freitag, 21. August 2026, von 16:30 bis 18:30 Uhr, bringen wir im Gro\u00dfen Saal der Zulassungsstelle des Landkreises Neunkirchen Vereine, Initiativen und Organisationen mit interessierten B\u00fcrgerinnen und B\u00fcrgern zusammen, die auf der Suche nach einer sinnstiftenden Aufgabe sind.<\/p>\n<p>Der Marktplatz Ehrenamt ist bewusst keine klassische Messe. Es gibt keine Infost\u00e4nde, Roll-Ups oder Plakatfl\u00e4chen. Stattdessen stehen pers\u00f6nliche Gespr\u00e4che auf Augenh\u00f6he im Mittelpunkt. Die teilnehmenden Organisationen stellen sich an Stehtischen vor. Maximal Flyer oder Visitenkarten k\u00f6nnen ausgelegt werden \u2013 der Fokus liegt klar auf dem direkten Austausch.<\/p>\n<p>Besucherinnen und Besucher k\u00f6nnen spontan vorbeikommen, ins Gespr\u00e4ch kommen und sich unverbindlich informieren. Ziel ist es, Interesse f\u00fcr Ihre Arbeit zu wecken, neue Kontakte zu kn\u00fcpfen und innerhalb kurzer Zeit konkrete Ankn\u00fcpfungspunkte f\u00fcr zuk\u00fcnftiges Engagement zu schaffen.<\/p>\n<p>Die Teilnahme ist f\u00fcr Vereine und Organisationen kostenfrei. F\u00fcr den organisatorischen Rahmen sowie einen kleinen Imbiss im Anschluss ist gesorgt.<\/p>\n<p>Wenn Sie Interesse haben, Ihre Organisation\/Ihren Verein\/Ihre Initiative beim Marktplatz Ehrenamt vorzustellen, bitten wir um eine kurze Anmeldung per E-Mail an:<br \/>\n<strong><a href=\"mailto:marktplatz@landkreis-neunkirchen.de\">marktplatz@landkreis-neunkirchen.de<\/a><\/strong><\/p>\n<p>Da die Anzahl der Pl\u00e4tze begrenzt ist, empfehlen wir eine fr\u00fchzeitige R\u00fcckmeldung.<\/p>\n<p>Der Marktplatz Ehrenamt ist ein gemeinsames Projekt des Landkreises Neunkirchen, der Kreisstadt Neunkirchen und der B\u00fcrgerinitiative Neunkirchen Stadtmitte e. V.<\/p>\n<p>&nbsp;<\/p>\n<p><strong>Organisationsteam \u201eMarktplatz Ehrenamt\u201c<\/strong><br \/>\nLandkreis Neunkirchen 06824 906 14 23<br \/>\nKreisstadt Neunkirchen 06821 91 92 32<br \/>\nB\u00fcrgerinitiative Neunkirchen Stadtmitte e.V. 0174 549 65 05<\/p>\n<p>&nbsp;<\/p>\n<p>&nbsp;<\/p>","excerpt":"","slug":"marktplatz-ehrenamt","image":false,"all_day":false,"start_date":"2026-08-21 16:30:00","start_date_details":{"year":"2026","month":"08","day":"21","hour":"16","minutes":"30","seconds":"00"},"end_date":"2026-08-21 18:30:00","end_date_details":{"year":"2026","month":"08","day":"21","hour":"18","minutes":"30","seconds":"00"},"utc_start_date":"2026-08-21 16:30:00","utc_start_date_details":{"year":"2026","month":"08","day":"21","hour":"16","minutes":"30","seconds":"00"},"utc_end_date":"2026-08-21 18:30:00","utc_end_date_details":{"year":"2026","month":"08","day":"21","hour":"18","minutes":"30","seconds":"00"},"timezone":"UTC+0","timezone_abbr":"UTC+0","cost":"","cost_details":{"currency_symbol":"\u20ac","currency_code":"EUR","currency_position":"prefix","values":[]},"website":"","show_map":true,"show_map_link":true,"hide_from_listings":false,"sticky":false,"featured":false,"categories":[],"tags":[],"venue":[],"organizer":[],"custom_fields":[],"json_ld":{"@context":"http:\/\/schema.org","@type":"Event","name":"Marktplatz Ehrenamt","description":"","url":"https:\/\/www.netzwerkdemenz-landkreisneunkirchen.de\/?tribe_events=marktplatz-ehrenamt","eventAttendanceMode":"https:\/\/schema.org\/OfflineEventAttendanceMode","eventStatus":"https:\/\/schema.org\/EventScheduled","startDate":"2026-08-21T16:30:00+00:00","endDate":"2026-08-21T18:30:00+00:00","performer":"Organization"}}