{"id":3297,"global_id":"www.netzwerkdemenz-landkreisneunkirchen.de?id=3297","global_id_lineage":["www.netzwerkdemenz-landkreisneunkirchen.de?id=3297"],"author":"3","status":"publish","date":"2026-04-13 09:55:43","date_utc":"2026-04-13 09:55:43","modified":"2026-04-13 09:57:49","modified_utc":"2026-04-13 09:57:49","url":"https:\/\/www.netzwerkdemenz-landkreisneunkirchen.de\/?tribe_events=gedankengang-in-eppelborn-naherholungsgebiet-wallenborn","rest_url":"https:\/\/www.netzwerkdemenz-landkreisneunkirchen.de\/index.php?rest_route=\/tribe\/events\/v1\/events\/3297","title":"Gedankengang in Eppelborn &#8211; Naherholungsgebiet Wallenborn","description":"<p>Am 28. August 2026 findet der zweite Gedankengang in der Gemeinde Eppelborn statt. Dieses Mal besuchen die Teilnehmenden gemeinsam das \u201eNaherholungsgebiet Wallenborn\u201c in Wiesbach.<\/p>\n<p>Unter anderem wird Anja Stuppi (Das Saarland lebt gesund \u2013 Landkreis Neunkirchen) den Spaziergang begleiten und diesen mit kleinen Achtsamkeits-, Ged\u00e4chtnis- und Bewegungs\u00fcbungen abwechslungsreich gestalten. Au\u00dferdem findet ein Besuch der kleinen Kapelle statt.<\/p>\n<p>Interessierte Menschen mit Demenz und ihre Begleitperson sind herzlich zu diesem Spaziergang eingeladen.<\/p>\n<p>Treffpunkt ist um 15:00 Uhr an der Fischerh\u00fctte (Landstuhlstra\u00dfe in 66571 Wiesbach).<\/p>\n<p>Im Anschluss an den Spaziergang besteht die M\u00f6glichkeit sich bei W\u00fcrstchen, Kaffee und Kuchen auszutauschen und gemeinsam Zeit zu verbringen. Der Abschluss findet in der Fischerh\u00fctte statt.<\/p>\n<p>Da die Anzahl der Teilnehmenden begrenzt ist, bitten wir um Anmeldung bis zum 25. August 2026 bei:<br \/>\nMarietta Schikofsky (Gemeinde Eppelborn): 06881 969128 oder <a href=\"mailto:schikofsky.marietta@eppelborn.de\">schikofsky.marietta@eppelborn.de<\/a><\/p>\n<p>An dem Gedankengang wirken mit: die Gemeinde Eppelborn, die H\u00e4usliche Krankenpflege Eppelborn, Das Saarland lebt gesund \u2013 Landkreis Neunkirchen und der Demenzverein im Landkreis Neunkirchen e.V..<\/p>","excerpt":"","slug":"gedankengang-in-eppelborn-naherholungsgebiet-wallenborn","image":false,"all_day":false,"start_date":"2026-08-28 15:00:00","start_date_details":{"year":"2026","month":"08","day":"28","hour":"15","minutes":"00","seconds":"00"},"end_date":"2026-08-28 17:00:00","end_date_details":{"year":"2026","month":"08","day":"28","hour":"17","minutes":"00","seconds":"00"},"utc_start_date":"2026-08-28 15:00:00","utc_start_date_details":{"year":"2026","month":"08","day":"28","hour":"15","minutes":"00","seconds":"00"},"utc_end_date":"2026-08-28 17:00:00","utc_end_date_details":{"year":"2026","month":"08","day":"28","hour":"17","minutes":"00","seconds":"00"},"timezone":"UTC+0","timezone_abbr":"UTC+0","cost":"","cost_details":{"currency_symbol":"\u20ac","currency_code":"EUR","currency_position":"prefix","values":[]},"website":"","show_map":true,"show_map_link":true,"hide_from_listings":false,"sticky":false,"featured":false,"categories":[],"tags":[],"venue":[],"organizer":[],"custom_fields":[],"json_ld":{"@context":"http:\/\/schema.org","@type":"Event","name":"Gedankengang in Eppelborn &#8211; Naherholungsgebiet Wallenborn","description":"","url":"https:\/\/www.netzwerkdemenz-landkreisneunkirchen.de\/?tribe_events=gedankengang-in-eppelborn-naherholungsgebiet-wallenborn","eventAttendanceMode":"https:\/\/schema.org\/OfflineEventAttendanceMode","eventStatus":"https:\/\/schema.org\/EventScheduled","startDate":"2026-08-28T15:00:00+00:00","endDate":"2026-08-28T17:00:00+00:00","performer":"Organization"}}