{"id":1587,"date":"2025-04-25T07:15:46","date_gmt":"2025-04-25T07:15:46","guid":{"rendered":"https:\/\/www.netzwerkdemenz-landkreisneunkirchen.de\/?p=1587"},"modified":"2025-05-19T12:04:37","modified_gmt":"2025-05-19T12:04:37","slug":"asb-ortsverband-illingen","status":"publish","type":"post","link":"https:\/\/www.netzwerkdemenz-landkreisneunkirchen.de\/?p=1587","title":{"rendered":"ASB Ortsverband Illingen"},"content":{"rendered":"\n<div class=\"wp-block-group is-content-justification-space-between is-nowrap is-layout-flex wp-container-core-group-is-layout-0dfbf163 wp-block-group-is-layout-flex\">\n<p><strong>Anschrift<\/strong><br>Poststr.&nbsp;7<br>66557&nbsp;Illingen (Saar)<\/p>\n\n\n\n<figure class=\"wp-block-image size-full is-resized\"><img loading=\"lazy\" decoding=\"async\" width=\"1992\" height=\"850\" src=\"https:\/\/www.netzwerkdemenz-landkreisneunkirchen.de\/wp-content\/uploads\/2025\/04\/csm_ASB_Logo_farbig_JPG_4a67c39b34.webp\" alt=\"\" class=\"wp-image-1588\" style=\"width:354px;height:auto\" srcset=\"https:\/\/www.netzwerkdemenz-landkreisneunkirchen.de\/wp-content\/uploads\/2025\/04\/csm_ASB_Logo_farbig_JPG_4a67c39b34.webp 1992w, https:\/\/www.netzwerkdemenz-landkreisneunkirchen.de\/wp-content\/uploads\/2025\/04\/csm_ASB_Logo_farbig_JPG_4a67c39b34-300x128.webp 300w, https:\/\/www.netzwerkdemenz-landkreisneunkirchen.de\/wp-content\/uploads\/2025\/04\/csm_ASB_Logo_farbig_JPG_4a67c39b34-1024x437.webp 1024w, https:\/\/www.netzwerkdemenz-landkreisneunkirchen.de\/wp-content\/uploads\/2025\/04\/csm_ASB_Logo_farbig_JPG_4a67c39b34-768x328.webp 768w, https:\/\/www.netzwerkdemenz-landkreisneunkirchen.de\/wp-content\/uploads\/2025\/04\/csm_ASB_Logo_farbig_JPG_4a67c39b34-1536x655.webp 1536w, https:\/\/www.netzwerkdemenz-landkreisneunkirchen.de\/wp-content\/uploads\/2025\/04\/csm_ASB_Logo_farbig_JPG_4a67c39b34-1200x512.webp 1200w\" sizes=\"auto, (max-width: 709px) 85vw, (max-width: 909px) 67vw, (max-width: 1362px) 62vw, 840px\" \/><\/figure>\n<\/div>\n\n\n\n<p><strong>\u00d6ffnungszeiten<\/strong><br>Dienstag &#8211; Freitag von 9.00 Uhr bis 13.00 Uhr<\/p>\n\n\n\n<p><strong>Kontakt<\/strong><br>Telefon:&nbsp;<a href=\"tel:06825 \/ 46290\">06825 \/ 46290<\/a><br>FAX: 06825 \/ 48806<br>E-Mail:&nbsp;&nbsp;<a href=\"javascript:linkTo_UnCryptMailto('ocknvq,mqpvcmvBrhngigjgtbgp0fg');\"><\/a><a href=\"mailto:illingen@asb-saarland.de\">illingen@asb-saarland.de<\/a><br>Webseite:&nbsp;<a href=\"http:\/\/www.asb-saarland.de\">www.asb-saarland.de<\/a><\/p>\n\n\n\n<p><strong>Angebote \/ Leistungen<\/strong><\/p>\n\n\n\n<p>Wir helfen hier und jetzt.<\/p>\n\n\n\n<p>Seit seiner Gr\u00fcndung im Jahr 1888 bietet der ASB Dienste an, die sich an den Bed\u00fcrfnissen der Menschen orientieren. Wir helfen auf vielf\u00e4ltige Weise schnell und ohne Umwege allen, die unsere Unterst\u00fctzung ben\u00f6tigen.<\/p>\n\n\n\n<p>Der ASB Ortsverband Illingen bietet eine Erstberatung und -information zum Thema Demenz.<\/p>\n\n\n\n<p><strong>Gebietsabdeckung<\/strong><br>Gemeinde Illingen und Umgebung<\/p>\n\n\n\n<div class=\"wp-block-buttons is-layout-flex wp-block-buttons-is-layout-flex\">\n<div class=\"wp-block-button is-style-fill\"><a class=\"wp-block-button__link has-background wp-element-button\" href=\".\/\" style=\"border-style:none;border-width:0px;border-radius:10px;background-color:#003366;font-style:normal;font-weight:400\">zur\u00fcck<\/a><\/div>\n<\/div>\n","protected":false},"excerpt":{"rendered":"<p>Anschrift: Poststr.\u00a07, 66557\u00a0Illingen (Saar)<\/p>\n","protected":false},"author":1,"featured_media":0,"comment_status":"closed","ping_status":"closed","sticky":false,"template":"","format":"standard","meta":{"footnotes":""},"categories":[21],"tags":[],"class_list":["post-1587","post","type-post","status-publish","format-standard","hentry","category-angebot_beratung"],"_links":{"self":[{"href":"https:\/\/www.netzwerkdemenz-landkreisneunkirchen.de\/index.php?rest_route=\/wp\/v2\/posts\/1587","targetHints":{"allow":["GET"]}}],"collection":[{"href":"https:\/\/www.netzwerkdemenz-landkreisneunkirchen.de\/index.php?rest_route=\/wp\/v2\/posts"}],"about":[{"href":"https:\/\/www.netzwerkdemenz-landkreisneunkirchen.de\/index.php?rest_route=\/wp\/v2\/types\/post"}],"author":[{"embeddable":true,"href":"https:\/\/www.netzwerkdemenz-landkreisneunkirchen.de\/index.php?rest_route=\/wp\/v2\/users\/1"}],"replies":[{"embeddable":true,"href":"https:\/\/www.netzwerkdemenz-landkreisneunkirchen.de\/index.php?rest_route=%2Fwp%2Fv2%2Fcomments&post=1587"}],"version-history":[{"count":3,"href":"https:\/\/www.netzwerkdemenz-landkreisneunkirchen.de\/index.php?rest_route=\/wp\/v2\/posts\/1587\/revisions"}],"predecessor-version":[{"id":2371,"href":"https:\/\/www.netzwerkdemenz-landkreisneunkirchen.de\/index.php?rest_route=\/wp\/v2\/posts\/1587\/revisions\/2371"}],"wp:attachment":[{"href":"https:\/\/www.netzwerkdemenz-landkreisneunkirchen.de\/index.php?rest_route=%2Fwp%2Fv2%2Fmedia&parent=1587"}],"wp:term":[{"taxonomy":"category","embeddable":true,"href":"https:\/\/www.netzwerkdemenz-landkreisneunkirchen.de\/index.php?rest_route=%2Fwp%2Fv2%2Fcategories&post=1587"},{"taxonomy":"post_tag","embeddable":true,"href":"https:\/\/www.netzwerkdemenz-landkreisneunkirchen.de\/index.php?rest_route=%2Fwp%2Fv2%2Ftags&post=1587"}],"curies":[{"name":"wp","href":"https:\/\/api.w.org\/{rel}","templated":true}]}}