{"id":1838,"date":"2025-04-25T14:47:53","date_gmt":"2025-04-25T14:47:53","guid":{"rendered":"https:\/\/www.netzwerkdemenz-landkreisneunkirchen.de\/?p=1838"},"modified":"2026-01-14T11:19:03","modified_gmt":"2026-01-14T11:19:03","slug":"tagespflege-lichtblick-caritasverband-schaumberg-blies-e-v","status":"publish","type":"post","link":"https:\/\/www.netzwerkdemenz-landkreisneunkirchen.de\/?p=1838","title":{"rendered":"Tagespflege Lichtblick (Caritasverband Schaumberg-Blies e.V.)"},"content":{"rendered":"\n<div class=\"wp-block-group is-content-justification-space-between is-nowrap is-layout-flex wp-container-core-group-is-layout-0dfbf163 wp-block-group-is-layout-flex\">\n<p><strong>Anschrift<\/strong><br>Verzy Platz&nbsp;3<br>66557&nbsp;Illingen (Saar)<\/p>\n\n\n\n<figure class=\"wp-block-image size-full is-resized\"><img loading=\"lazy\" decoding=\"async\" width=\"720\" height=\"850\" src=\"https:\/\/www.netzwerkdemenz-landkreisneunkirchen.de\/wp-content\/uploads\/2025\/04\/csm_Caritas_Logo_Tagespflege_fa28df1aaf.webp\" alt=\"\" class=\"wp-image-1839\" style=\"width:158px;height:auto\" srcset=\"https:\/\/www.netzwerkdemenz-landkreisneunkirchen.de\/wp-content\/uploads\/2025\/04\/csm_Caritas_Logo_Tagespflege_fa28df1aaf.webp 720w, https:\/\/www.netzwerkdemenz-landkreisneunkirchen.de\/wp-content\/uploads\/2025\/04\/csm_Caritas_Logo_Tagespflege_fa28df1aaf-254x300.webp 254w\" sizes=\"auto, (max-width: 709px) 85vw, (max-width: 909px) 67vw, (max-width: 984px) 61vw, (max-width: 1362px) 45vw, 600px\" \/><\/figure>\n<\/div>\n\n\n\n<p><strong>Ansprechpersonen<\/strong><br>Andrea Baus und Jutta Kremp<\/p>\n\n\n\n<p><strong>\u00d6ffnungszeiten<\/strong><br>Montag bis Freitag: 08:00 \u2013 16:00 Uhr<\/p>\n\n\n\n<p><strong>Kontakt<\/strong><br>Telefon: <a href=\"tel:068259413880\">06825 9413880<\/a><br>Fax:&nbsp;06825 9413820<br>E-Mail:&nbsp;<a href=\"mailto:tagespflege@caritas-nk.de\">tagespflege@caritas-nk.de<\/a><br>Webseite:&nbsp;<a href=\"http:\/\/www.caritas-schaumberg-blies.de\" data-type=\"link\" data-id=\"www.caritas-schaumberg-blies.de\">www.caritas-schaumberg-blies.de<\/a><\/p>\n\n\n\n<p><strong>Angebote \/ Leistungen<\/strong><br><strong>\u201eDem Tag mehr leben geben, gemeinsam den Tag erleben\u201c<\/strong>&nbsp;unter diesem Motto werden Lebensfreude, Gem\u00fctlichkeit und gemeinsames Erleben in der \u201eTagespflege Lichtblick\u201c in H\u00fcttigweiler gro\u00dfgeschrieben.<strong>&nbsp;<\/strong>Die Tagespflege ist Treffpunkt f\u00fcr dementiell ver\u00e4nderte Menschen, die noch in der eigenen Wohnung bzw. bei Familienangeh\u00f6rigen leben. Hier finden unsere G\u00e4ste nicht nur Hilfe und Betreuung, vielmehr bieten die Angebote der Tagespflege eine feste Tagesstruktur und erm\u00f6glichen soziale Kontakte. Gemeinsames Erleben steht hierbei im Vordergrund. Jeder Gast wird nach seinen individuellen F\u00e4higkeiten gef\u00f6rdert und aktiviert. Dar\u00fcber hinaus stellt sie eine Erg\u00e4nzung zur h\u00e4uslichen Versorgung dar und erm\u00f6glicht dementiell ver\u00e4nderten Menschen m\u00f6glichst lange in den eigenen vier W\u00e4nden zu leben. Der Aufenthalt hier tut gut und erm\u00f6glicht es pflegenden Angeh\u00f6rigen, Kraft zu sch\u00f6pfen oder in dieser Zeit andere Aufgaben zu erledigen.<\/p>\n\n\n\n<p>Folgende Leistungen\/Angebote werden vorgehalten:<\/p>\n\n\n\n<ul class=\"wp-block-list\">\n<li>Individuelle Beratung und Begleitung der Angeh\u00f6rigen<\/li>\n\n\n\n<li>Vielseitige Aktivit\u00e4ten in der Gruppe, z. B. Gymnastik, Spazierg\u00e4nge, Ged\u00e4chtnistraining, Kochen und Backen, Musik, kreative Besch\u00e4ftigungen, Spiele, u. v. m.<\/li>\n\n\n\n<li>Verpflegung: Fr\u00fchst\u00fcck, Mittagessen, Kaffee und Kuchen mit umfangreichem Getr\u00e4nkeangebot und Zwischenmahlzeiten nach Wunsch<\/li>\n\n\n\n<li>Jahreszeitliche Feste und Veranstaltungen, z. B. Ostern, Erntedankfest und Weihnachten (auch mit pastoraler Begleitung)<\/li>\n\n\n\n<li>Unterst\u00fctzung bei der medizinischen Versorgung z.B. Einnahme von Medikamenten<\/li>\n\n\n\n<li>Interdisziplin\u00e4re Zusammenarbeit mit anderen Berufsgruppen, z.B. Physiotherapie, Ergotherapie etc.<\/li>\n\n\n\n<li>Fahrdienst mit Begleitperson<\/li>\n<\/ul>\n\n\n\n<p><strong>Gebietsabdeckung<\/strong><br>Gro\u00dfgemeinden Eppelborn und Illingen<\/p>\n\n\n\n<div class=\"wp-block-group is-nowrap is-layout-flex wp-container-core-group-is-layout-ad2f72ca wp-block-group-is-layout-flex\">\n<p><strong>Anzahl Pl\u00e4tze \/ Kapazit\u00e4t<\/strong><br>Es k\u00f6nnen t\u00e4glich 20 G\u00e4ste betreut werden.<\/p>\n<\/div>\n\n\n\n<p><strong>Preise<\/strong><br>Wir sind Partner aller Pflegekassen und informieren Sie gerne \u00fcber die Kosten- und Finanzierungsm\u00f6glichkeiten durch Ihre Pflegeversicherung. Kontaktieren Sie uns bitte telefonisch unter der Rufnummer: <a href=\"tel:068259413880\">06825 9413880<\/a>.<\/p>\n\n\n\n<figure class=\"wp-block-gallery has-nested-images columns-default is-cropped wp-block-gallery-1 is-layout-flex wp-block-gallery-is-layout-flex\">\n<figure class=\"wp-block-image size-large\"><img loading=\"lazy\" decoding=\"async\" width=\"1024\" height=\"576\" data-id=\"1840\" src=\"https:\/\/www.netzwerkdemenz-landkreisneunkirchen.de\/wp-content\/uploads\/2025\/04\/csm_7ee5bf6e5ed13173e99d7961df452c29c5685cd11f4e6c71aae202ff1e29_7edc429df9-1024x576.webp\" alt=\"\" class=\"wp-image-1840\" srcset=\"https:\/\/www.netzwerkdemenz-landkreisneunkirchen.de\/wp-content\/uploads\/2025\/04\/csm_7ee5bf6e5ed13173e99d7961df452c29c5685cd11f4e6c71aae202ff1e29_7edc429df9-1024x576.webp 1024w, https:\/\/www.netzwerkdemenz-landkreisneunkirchen.de\/wp-content\/uploads\/2025\/04\/csm_7ee5bf6e5ed13173e99d7961df452c29c5685cd11f4e6c71aae202ff1e29_7edc429df9-300x169.webp 300w, https:\/\/www.netzwerkdemenz-landkreisneunkirchen.de\/wp-content\/uploads\/2025\/04\/csm_7ee5bf6e5ed13173e99d7961df452c29c5685cd11f4e6c71aae202ff1e29_7edc429df9-768x432.webp 768w, https:\/\/www.netzwerkdemenz-landkreisneunkirchen.de\/wp-content\/uploads\/2025\/04\/csm_7ee5bf6e5ed13173e99d7961df452c29c5685cd11f4e6c71aae202ff1e29_7edc429df9-1200x675.webp 1200w, https:\/\/www.netzwerkdemenz-landkreisneunkirchen.de\/wp-content\/uploads\/2025\/04\/csm_7ee5bf6e5ed13173e99d7961df452c29c5685cd11f4e6c71aae202ff1e29_7edc429df9.webp 1510w\" sizes=\"auto, (max-width: 709px) 85vw, (max-width: 909px) 67vw, (max-width: 1362px) 62vw, 840px\" \/><\/figure>\n\n\n\n<figure class=\"wp-block-image size-large\"><img loading=\"lazy\" decoding=\"async\" width=\"1024\" height=\"576\" data-id=\"1841\" src=\"https:\/\/www.netzwerkdemenz-landkreisneunkirchen.de\/wp-content\/uploads\/2025\/04\/csm_20171006-0039_Caritas_f1c155b789-1024x576.webp\" alt=\"\" class=\"wp-image-1841\" srcset=\"https:\/\/www.netzwerkdemenz-landkreisneunkirchen.de\/wp-content\/uploads\/2025\/04\/csm_20171006-0039_Caritas_f1c155b789-1024x576.webp 1024w, https:\/\/www.netzwerkdemenz-landkreisneunkirchen.de\/wp-content\/uploads\/2025\/04\/csm_20171006-0039_Caritas_f1c155b789-300x169.webp 300w, https:\/\/www.netzwerkdemenz-landkreisneunkirchen.de\/wp-content\/uploads\/2025\/04\/csm_20171006-0039_Caritas_f1c155b789-768x432.webp 768w, https:\/\/www.netzwerkdemenz-landkreisneunkirchen.de\/wp-content\/uploads\/2025\/04\/csm_20171006-0039_Caritas_f1c155b789-1200x675.webp 1200w, https:\/\/www.netzwerkdemenz-landkreisneunkirchen.de\/wp-content\/uploads\/2025\/04\/csm_20171006-0039_Caritas_f1c155b789.webp 1511w\" sizes=\"auto, (max-width: 709px) 85vw, (max-width: 909px) 67vw, (max-width: 1362px) 62vw, 840px\" \/><\/figure>\n\n\n\n<figure class=\"wp-block-image size-large\"><img loading=\"lazy\" decoding=\"async\" width=\"1024\" height=\"576\" data-id=\"1842\" src=\"https:\/\/www.netzwerkdemenz-landkreisneunkirchen.de\/wp-content\/uploads\/2025\/04\/csm_20171006-0060_Caritas_80f1bcf7e9-1024x576.webp\" alt=\"\" class=\"wp-image-1842\" srcset=\"https:\/\/www.netzwerkdemenz-landkreisneunkirchen.de\/wp-content\/uploads\/2025\/04\/csm_20171006-0060_Caritas_80f1bcf7e9-1024x576.webp 1024w, https:\/\/www.netzwerkdemenz-landkreisneunkirchen.de\/wp-content\/uploads\/2025\/04\/csm_20171006-0060_Caritas_80f1bcf7e9-300x169.webp 300w, https:\/\/www.netzwerkdemenz-landkreisneunkirchen.de\/wp-content\/uploads\/2025\/04\/csm_20171006-0060_Caritas_80f1bcf7e9-768x432.webp 768w, https:\/\/www.netzwerkdemenz-landkreisneunkirchen.de\/wp-content\/uploads\/2025\/04\/csm_20171006-0060_Caritas_80f1bcf7e9-1200x675.webp 1200w, https:\/\/www.netzwerkdemenz-landkreisneunkirchen.de\/wp-content\/uploads\/2025\/04\/csm_20171006-0060_Caritas_80f1bcf7e9.webp 1511w\" sizes=\"auto, (max-width: 709px) 85vw, (max-width: 909px) 67vw, (max-width: 1362px) 62vw, 840px\" \/><\/figure>\n<\/figure>\n\n\n\n<figure class=\"wp-block-image size-large is-resized\"><img loading=\"lazy\" decoding=\"async\" width=\"1024\" height=\"683\" src=\"https:\/\/www.netzwerkdemenz-landkreisneunkirchen.de\/wp-content\/uploads\/2025\/04\/csm_20180226-0014_Caritas-86_d4ddc2b9a1-1024x683.webp\" alt=\"\" class=\"wp-image-1843\" style=\"width:258px;height:auto\" srcset=\"https:\/\/www.netzwerkdemenz-landkreisneunkirchen.de\/wp-content\/uploads\/2025\/04\/csm_20180226-0014_Caritas-86_d4ddc2b9a1-1024x683.webp 1024w, https:\/\/www.netzwerkdemenz-landkreisneunkirchen.de\/wp-content\/uploads\/2025\/04\/csm_20180226-0014_Caritas-86_d4ddc2b9a1-300x200.webp 300w, https:\/\/www.netzwerkdemenz-landkreisneunkirchen.de\/wp-content\/uploads\/2025\/04\/csm_20180226-0014_Caritas-86_d4ddc2b9a1-768x512.webp 768w, https:\/\/www.netzwerkdemenz-landkreisneunkirchen.de\/wp-content\/uploads\/2025\/04\/csm_20180226-0014_Caritas-86_d4ddc2b9a1-1200x800.webp 1200w, https:\/\/www.netzwerkdemenz-landkreisneunkirchen.de\/wp-content\/uploads\/2025\/04\/csm_20180226-0014_Caritas-86_d4ddc2b9a1.webp 1275w\" sizes=\"auto, (max-width: 709px) 85vw, (max-width: 909px) 67vw, (max-width: 1362px) 62vw, 840px\" \/><\/figure>\n\n\n\n<p><\/p>\n\n\n\n<div class=\"wp-block-buttons is-layout-flex wp-block-buttons-is-layout-flex\">\n<div class=\"wp-block-button is-style-fill\"><a class=\"wp-block-button__link has-background wp-element-button\" href=\"\/index.php\/?page_id=831\" style=\"border-style:none;border-width:0px;border-radius:10px;background-color:#003366;font-style:normal;font-weight:400\">zur\u00fcck<\/a><\/div>\n<\/div>\n","protected":false},"excerpt":{"rendered":"<p>Anschrift: Verzy Platz\u00a03, 66557\u00a0Illingen (Saar)<\/p>\n","protected":false},"author":1,"featured_media":0,"comment_status":"closed","ping_status":"closed","sticky":false,"template":"","format":"standard","meta":{"footnotes":""},"categories":[33],"tags":[],"class_list":["post-1838","post","type-post","status-publish","format-standard","hentry","category-angebot_tagespflege"],"_links":{"self":[{"href":"https:\/\/www.netzwerkdemenz-landkreisneunkirchen.de\/index.php?rest_route=\/wp\/v2\/posts\/1838","targetHints":{"allow":["GET"]}}],"collection":[{"href":"https:\/\/www.netzwerkdemenz-landkreisneunkirchen.de\/index.php?rest_route=\/wp\/v2\/posts"}],"about":[{"href":"https:\/\/www.netzwerkdemenz-landkreisneunkirchen.de\/index.php?rest_route=\/wp\/v2\/types\/post"}],"author":[{"embeddable":true,"href":"https:\/\/www.netzwerkdemenz-landkreisneunkirchen.de\/index.php?rest_route=\/wp\/v2\/users\/1"}],"replies":[{"embeddable":true,"href":"https:\/\/www.netzwerkdemenz-landkreisneunkirchen.de\/index.php?rest_route=%2Fwp%2Fv2%2Fcomments&post=1838"}],"version-history":[{"count":5,"href":"https:\/\/www.netzwerkdemenz-landkreisneunkirchen.de\/index.php?rest_route=\/wp\/v2\/posts\/1838\/revisions"}],"predecessor-version":[{"id":3106,"href":"https:\/\/www.netzwerkdemenz-landkreisneunkirchen.de\/index.php?rest_route=\/wp\/v2\/posts\/1838\/revisions\/3106"}],"wp:attachment":[{"href":"https:\/\/www.netzwerkdemenz-landkreisneunkirchen.de\/index.php?rest_route=%2Fwp%2Fv2%2Fmedia&parent=1838"}],"wp:term":[{"taxonomy":"category","embeddable":true,"href":"https:\/\/www.netzwerkdemenz-landkreisneunkirchen.de\/index.php?rest_route=%2Fwp%2Fv2%2Fcategories&post=1838"},{"taxonomy":"post_tag","embeddable":true,"href":"https:\/\/www.netzwerkdemenz-landkreisneunkirchen.de\/index.php?rest_route=%2Fwp%2Fv2%2Ftags&post=1838"}],"curies":[{"name":"wp","href":"https:\/\/api.w.org\/{rel}","templated":true}]}}