{"id":1900,"date":"2025-04-28T07:42:03","date_gmt":"2025-04-28T07:42:03","guid":{"rendered":"https:\/\/www.netzwerkdemenz-landkreisneunkirchen.de\/?p=1900"},"modified":"2025-05-19T09:44:08","modified_gmt":"2025-05-19T09:44:08","slug":"haus-neumuenster","status":"publish","type":"post","link":"https:\/\/www.netzwerkdemenz-landkreisneunkirchen.de\/?p=1900","title":{"rendered":"Haus Neum\u00fcnster"},"content":{"rendered":"\n<div class=\"wp-block-group is-content-justification-space-between is-nowrap is-layout-flex wp-container-core-group-is-layout-0dfbf163 wp-block-group-is-layout-flex\">\n<p><strong>Anschrift<\/strong><br>Auguste-Renoir-Stra\u00dfe&nbsp;4<br>66564&nbsp;Ottweiler<\/p>\n\n\n\n<figure class=\"wp-block-image size-large is-resized\"><img loading=\"lazy\" decoding=\"async\" width=\"1024\" height=\"434\" src=\"https:\/\/www.netzwerkdemenz-landkreisneunkirchen.de\/wp-content\/uploads\/2025\/04\/Logo_Schwesternverband-1-1024x434.webp\" alt=\"\" class=\"wp-image-1901\" style=\"width:295px;height:auto\" srcset=\"https:\/\/www.netzwerkdemenz-landkreisneunkirchen.de\/wp-content\/uploads\/2025\/04\/Logo_Schwesternverband-1-1024x434.webp 1024w, https:\/\/www.netzwerkdemenz-landkreisneunkirchen.de\/wp-content\/uploads\/2025\/04\/Logo_Schwesternverband-1-300x127.webp 300w, https:\/\/www.netzwerkdemenz-landkreisneunkirchen.de\/wp-content\/uploads\/2025\/04\/Logo_Schwesternverband-1-768x325.webp 768w, https:\/\/www.netzwerkdemenz-landkreisneunkirchen.de\/wp-content\/uploads\/2025\/04\/Logo_Schwesternverband-1-1536x651.webp 1536w, https:\/\/www.netzwerkdemenz-landkreisneunkirchen.de\/wp-content\/uploads\/2025\/04\/Logo_Schwesternverband-1-1200x508.webp 1200w, https:\/\/www.netzwerkdemenz-landkreisneunkirchen.de\/wp-content\/uploads\/2025\/04\/Logo_Schwesternverband-1.webp 2007w\" sizes=\"auto, (max-width: 709px) 85vw, (max-width: 909px) 67vw, (max-width: 1362px) 62vw, 840px\" \/><\/figure>\n<\/div>\n\n\n\n<p><strong>Ansprechpartner:<\/strong><br>Andr\u00e9 Moser (Einrichtungsleitung)<\/p>\n\n\n\n<p><strong>\u00d6ffnungszeiten<\/strong><br>Derzeit sind wir nach vorheriger telefonischer Absprache erreichbar.<\/p>\n\n\n\n<p><strong>Kontakt<\/strong><br>Telefon: <a href=\"tel:06824984950\">06824 984950<\/a><br>Fax:&nbsp;06824 9849512<br>E-Mail:&nbsp;<a href=\"mailto:info-neum\u00fcnster@schwesternverband.de\" data-type=\"mailto\" data-id=\"mailto:info-neum\u00fcnster@schwesternverband.de\">info-neum\u00fcnster@schwesternverband.de<\/a><br>Webseite:&nbsp;<a href=\"http:\/\/www.schwesternverband.de\" data-type=\"link\" data-id=\"www.schwesternverband.de\">www.schwesternverband.de<\/a><\/p>\n\n\n\n<p><strong>Angebote \/ Leistungen<\/strong><br>Das Haus Neum\u00fcnster in Ottweiler ist eine Altenpflegeeinrichtung, und bietet Pflegepl\u00e4tze (Voll- und Kurzzeitpflege) f\u00fcr Senioren an. Die Einrichtung verf\u00fcgt auch \u00fcber einige Service-Wohnungen (betreutes Wohnen).<\/p>\n\n\n\n<p><\/p>\n\n\n\n<div class=\"wp-block-buttons is-layout-flex wp-block-buttons-is-layout-flex\">\n<div class=\"wp-block-button is-style-fill\"><a class=\"wp-block-button__link has-background wp-element-button\" href=\"\/index.php\/?page_id=831\" style=\"border-style:none;border-width:0px;border-radius:10px;background-color:#003366;font-style:normal;font-weight:400\">zur\u00fcck<\/a><\/div>\n<\/div>\n","protected":false},"excerpt":{"rendered":"<p>Anschrift: Auguste-Renoir-Stra\u00dfe\u00a04, 66564\u00a0Ottweiler<\/p>\n","protected":false},"author":1,"featured_media":0,"comment_status":"closed","ping_status":"closed","sticky":false,"template":"","format":"standard","meta":{"footnotes":""},"categories":[32],"tags":[],"class_list":["post-1900","post","type-post","status-publish","format-standard","hentry","category-angebot_stationaere_pflege"],"_links":{"self":[{"href":"https:\/\/www.netzwerkdemenz-landkreisneunkirchen.de\/index.php?rest_route=\/wp\/v2\/posts\/1900","targetHints":{"allow":["GET"]}}],"collection":[{"href":"https:\/\/www.netzwerkdemenz-landkreisneunkirchen.de\/index.php?rest_route=\/wp\/v2\/posts"}],"about":[{"href":"https:\/\/www.netzwerkdemenz-landkreisneunkirchen.de\/index.php?rest_route=\/wp\/v2\/types\/post"}],"author":[{"embeddable":true,"href":"https:\/\/www.netzwerkdemenz-landkreisneunkirchen.de\/index.php?rest_route=\/wp\/v2\/users\/1"}],"replies":[{"embeddable":true,"href":"https:\/\/www.netzwerkdemenz-landkreisneunkirchen.de\/index.php?rest_route=%2Fwp%2Fv2%2Fcomments&post=1900"}],"version-history":[{"count":6,"href":"https:\/\/www.netzwerkdemenz-landkreisneunkirchen.de\/index.php?rest_route=\/wp\/v2\/posts\/1900\/revisions"}],"predecessor-version":[{"id":2616,"href":"https:\/\/www.netzwerkdemenz-landkreisneunkirchen.de\/index.php?rest_route=\/wp\/v2\/posts\/1900\/revisions\/2616"}],"wp:attachment":[{"href":"https:\/\/www.netzwerkdemenz-landkreisneunkirchen.de\/index.php?rest_route=%2Fwp%2Fv2%2Fmedia&parent=1900"}],"wp:term":[{"taxonomy":"category","embeddable":true,"href":"https:\/\/www.netzwerkdemenz-landkreisneunkirchen.de\/index.php?rest_route=%2Fwp%2Fv2%2Fcategories&post=1900"},{"taxonomy":"post_tag","embeddable":true,"href":"https:\/\/www.netzwerkdemenz-landkreisneunkirchen.de\/index.php?rest_route=%2Fwp%2Fv2%2Ftags&post=1900"}],"curies":[{"name":"wp","href":"https:\/\/api.w.org\/{rel}","templated":true}]}}