{"id":1916,"date":"2025-04-28T07:56:33","date_gmt":"2025-04-28T07:56:33","guid":{"rendered":"https:\/\/www.netzwerkdemenz-landkreisneunkirchen.de\/?p=1916"},"modified":"2025-05-19T09:43:13","modified_gmt":"2025-05-19T09:43:13","slug":"marienhaus-seniorenzentrum-st-vincenz-neunkirchen","status":"publish","type":"post","link":"https:\/\/www.netzwerkdemenz-landkreisneunkirchen.de\/?p=1916","title":{"rendered":"Marienhaus Seniorenzentrum St. Vincenz Neunkirchen"},"content":{"rendered":"\n<div class=\"wp-block-group is-content-justification-space-between is-nowrap is-layout-flex wp-container-core-group-is-layout-0dfbf163 wp-block-group-is-layout-flex\">\n<p><strong>Anschrift<\/strong><br>Hermannstr.&nbsp;10<br>66538&nbsp;Neunkirchen<\/p>\n\n\n\n<figure class=\"wp-block-image size-full is-resized\"><img loading=\"lazy\" decoding=\"async\" width=\"1336\" height=\"850\" src=\"https:\/\/www.netzwerkdemenz-landkreisneunkirchen.de\/wp-content\/uploads\/2025\/04\/csm_Logo_c3a80416ef-1.webp\" alt=\"\" class=\"wp-image-1917\" style=\"width:190px;height:auto\" srcset=\"https:\/\/www.netzwerkdemenz-landkreisneunkirchen.de\/wp-content\/uploads\/2025\/04\/csm_Logo_c3a80416ef-1.webp 1336w, https:\/\/www.netzwerkdemenz-landkreisneunkirchen.de\/wp-content\/uploads\/2025\/04\/csm_Logo_c3a80416ef-1-300x191.webp 300w, https:\/\/www.netzwerkdemenz-landkreisneunkirchen.de\/wp-content\/uploads\/2025\/04\/csm_Logo_c3a80416ef-1-1024x651.webp 1024w, https:\/\/www.netzwerkdemenz-landkreisneunkirchen.de\/wp-content\/uploads\/2025\/04\/csm_Logo_c3a80416ef-1-768x489.webp 768w, https:\/\/www.netzwerkdemenz-landkreisneunkirchen.de\/wp-content\/uploads\/2025\/04\/csm_Logo_c3a80416ef-1-1200x763.webp 1200w\" sizes=\"auto, (max-width: 709px) 85vw, (max-width: 909px) 67vw, (max-width: 1362px) 62vw, 840px\" \/><\/figure>\n<\/div>\n\n\n\n<p><strong>\u00d6ffnungszeiten<\/strong><br>Derzeit sind wir nach vorheriger telefonischer Absprache erreichbar.<\/p>\n\n\n\n<p><strong>Kontakt<\/strong><br>Telefon: <a href=\"tel:06821999790\">06821 999790<\/a><br>Fax:&nbsp;06821 9997979<br>E-Mail:&nbsp;<a href=\"mailto:hausadresse.nkv@marienhaus.de\">hausadresse.nkv@marienhaus.de<\/a><br>Webseite: <a href=\"https:\/\/www.seniorenzentrum-neunkirchen-saar.de\">https:\/\/www.seniorenzentrum-neunkirchen-saar.de<\/a><\/p>\n\n\n\n<p><strong>Angebote \/ Leistungen<\/strong><\/p>\n\n\n\n<ul class=\"wp-block-list\">\n<li>Vollstation\u00e4re Pflege und Kurzzeitpflege<\/li>\n\n\n\n<li>Beh\u00fcteter Wohnbereich f\u00fcr Demenzerkrankte<\/li>\n\n\n\n<li>Vielf\u00e4ltige soziale und kulturelle Angebote<\/li>\n\n\n\n<li>Gottesdienste in der hauseigenen Kirche<\/li>\n\n\n\n<li>Friseursalon in der Einrichtung<\/li>\n<\/ul>\n\n\n\n<p><strong>Gebietsabdeckung<\/strong><br>Keine Beschr\u00e4nkung<\/p>\n\n\n\n<p><strong>Anzahl Pl\u00e4tze \/ Kapazit\u00e4t<\/strong><br>129 vollstation\u00e4re Pflegepl\u00e4tze<br>7 Kurzzeitpflegepl\u00e4tze<\/p>\n\n\n\n<p><strong>Preise<\/strong><br><a href=\"https:\/\/www.kreuznacherdiakonie.de\/seniorenhilfe\/wohnen-im-alter\/saarland\/caroline-fliedner-haus-neunkirchen\/informationen-preise-und-downloads\/\" target=\"_blank\" rel=\"noreferrer noopener\"><\/a>Aktuelle Preise siehe&nbsp;<a href=\"https:\/\/www.st-vincenz-neunkirchen.de\/bewohner-angehoerige\/preise-konditionen\/\">https:\/\/www.st-vincenz-neunkirchen.de\/bewohner-angehoerige\/preise-konditionen\/<\/a><\/p>\n\n\n\n<figure class=\"wp-block-gallery has-nested-images columns-default is-cropped wp-block-gallery-1 is-layout-flex wp-block-gallery-is-layout-flex\">\n<figure class=\"wp-block-image size-large\"><img loading=\"lazy\" decoding=\"async\" width=\"1024\" height=\"684\" data-id=\"1925\" src=\"https:\/\/www.netzwerkdemenz-landkreisneunkirchen.de\/wp-content\/uploads\/2025\/04\/csm_Aussenansicht_web_4c25324b23-1-1024x684.webp\" alt=\"\" class=\"wp-image-1925\" srcset=\"https:\/\/www.netzwerkdemenz-landkreisneunkirchen.de\/wp-content\/uploads\/2025\/04\/csm_Aussenansicht_web_4c25324b23-1-1024x684.webp 1024w, https:\/\/www.netzwerkdemenz-landkreisneunkirchen.de\/wp-content\/uploads\/2025\/04\/csm_Aussenansicht_web_4c25324b23-1-300x200.webp 300w, https:\/\/www.netzwerkdemenz-landkreisneunkirchen.de\/wp-content\/uploads\/2025\/04\/csm_Aussenansicht_web_4c25324b23-1-768x513.webp 768w, https:\/\/www.netzwerkdemenz-landkreisneunkirchen.de\/wp-content\/uploads\/2025\/04\/csm_Aussenansicht_web_4c25324b23-1-1200x802.webp 1200w, https:\/\/www.netzwerkdemenz-landkreisneunkirchen.de\/wp-content\/uploads\/2025\/04\/csm_Aussenansicht_web_4c25324b23-1.webp 1272w\" sizes=\"auto, (max-width: 709px) 85vw, (max-width: 909px) 67vw, (max-width: 1362px) 62vw, 840px\" \/><\/figure>\n\n\n\n<figure class=\"wp-block-image size-large\"><img loading=\"lazy\" decoding=\"async\" width=\"1024\" height=\"683\" data-id=\"1919\" src=\"https:\/\/www.netzwerkdemenz-landkreisneunkirchen.de\/wp-content\/uploads\/2025\/04\/csm_13-30-09_web_39b4e81ed0-1-1024x683.webp\" alt=\"\" class=\"wp-image-1919\" srcset=\"https:\/\/www.netzwerkdemenz-landkreisneunkirchen.de\/wp-content\/uploads\/2025\/04\/csm_13-30-09_web_39b4e81ed0-1-1024x683.webp 1024w, https:\/\/www.netzwerkdemenz-landkreisneunkirchen.de\/wp-content\/uploads\/2025\/04\/csm_13-30-09_web_39b4e81ed0-1-300x200.webp 300w, https:\/\/www.netzwerkdemenz-landkreisneunkirchen.de\/wp-content\/uploads\/2025\/04\/csm_13-30-09_web_39b4e81ed0-1-768x512.webp 768w, https:\/\/www.netzwerkdemenz-landkreisneunkirchen.de\/wp-content\/uploads\/2025\/04\/csm_13-30-09_web_39b4e81ed0-1-1200x800.webp 1200w, https:\/\/www.netzwerkdemenz-landkreisneunkirchen.de\/wp-content\/uploads\/2025\/04\/csm_13-30-09_web_39b4e81ed0-1.webp 1275w\" sizes=\"auto, (max-width: 709px) 85vw, (max-width: 909px) 67vw, (max-width: 1362px) 62vw, 840px\" \/><\/figure>\n\n\n\n<figure class=\"wp-block-image size-large\"><img loading=\"lazy\" decoding=\"async\" width=\"1024\" height=\"683\" data-id=\"1920\" src=\"https:\/\/www.netzwerkdemenz-landkreisneunkirchen.de\/wp-content\/uploads\/2025\/04\/csm_13-30-32_web_4bdfd25699-1-1024x683.webp\" alt=\"\" class=\"wp-image-1920\" srcset=\"https:\/\/www.netzwerkdemenz-landkreisneunkirchen.de\/wp-content\/uploads\/2025\/04\/csm_13-30-32_web_4bdfd25699-1-1024x683.webp 1024w, https:\/\/www.netzwerkdemenz-landkreisneunkirchen.de\/wp-content\/uploads\/2025\/04\/csm_13-30-32_web_4bdfd25699-1-300x200.webp 300w, https:\/\/www.netzwerkdemenz-landkreisneunkirchen.de\/wp-content\/uploads\/2025\/04\/csm_13-30-32_web_4bdfd25699-1-768x512.webp 768w, https:\/\/www.netzwerkdemenz-landkreisneunkirchen.de\/wp-content\/uploads\/2025\/04\/csm_13-30-32_web_4bdfd25699-1-1200x800.webp 1200w, https:\/\/www.netzwerkdemenz-landkreisneunkirchen.de\/wp-content\/uploads\/2025\/04\/csm_13-30-32_web_4bdfd25699-1.webp 1275w\" sizes=\"auto, (max-width: 709px) 85vw, (max-width: 909px) 67vw, (max-width: 1362px) 62vw, 840px\" \/><\/figure>\n\n\n\n<figure class=\"wp-block-image size-large\"><img loading=\"lazy\" decoding=\"async\" width=\"1024\" height=\"683\" data-id=\"1921\" src=\"https:\/\/www.netzwerkdemenz-landkreisneunkirchen.de\/wp-content\/uploads\/2025\/04\/csm_13-30-44_web_03bb2feaae-1-1024x683.webp\" alt=\"\" class=\"wp-image-1921\" srcset=\"https:\/\/www.netzwerkdemenz-landkreisneunkirchen.de\/wp-content\/uploads\/2025\/04\/csm_13-30-44_web_03bb2feaae-1-1024x683.webp 1024w, https:\/\/www.netzwerkdemenz-landkreisneunkirchen.de\/wp-content\/uploads\/2025\/04\/csm_13-30-44_web_03bb2feaae-1-300x200.webp 300w, https:\/\/www.netzwerkdemenz-landkreisneunkirchen.de\/wp-content\/uploads\/2025\/04\/csm_13-30-44_web_03bb2feaae-1-768x512.webp 768w, https:\/\/www.netzwerkdemenz-landkreisneunkirchen.de\/wp-content\/uploads\/2025\/04\/csm_13-30-44_web_03bb2feaae-1-1200x800.webp 1200w, https:\/\/www.netzwerkdemenz-landkreisneunkirchen.de\/wp-content\/uploads\/2025\/04\/csm_13-30-44_web_03bb2feaae-1.webp 1275w\" sizes=\"auto, (max-width: 709px) 85vw, (max-width: 909px) 67vw, (max-width: 1362px) 62vw, 840px\" \/><\/figure>\n\n\n\n<figure class=\"wp-block-image size-large\"><img loading=\"lazy\" decoding=\"async\" width=\"1024\" height=\"683\" data-id=\"1922\" src=\"https:\/\/www.netzwerkdemenz-landkreisneunkirchen.de\/wp-content\/uploads\/2025\/04\/csm_17-13-0013_c9cb3088f7-1-1024x683.webp\" alt=\"\" class=\"wp-image-1922\" srcset=\"https:\/\/www.netzwerkdemenz-landkreisneunkirchen.de\/wp-content\/uploads\/2025\/04\/csm_17-13-0013_c9cb3088f7-1-1024x683.webp 1024w, https:\/\/www.netzwerkdemenz-landkreisneunkirchen.de\/wp-content\/uploads\/2025\/04\/csm_17-13-0013_c9cb3088f7-1-300x200.webp 300w, https:\/\/www.netzwerkdemenz-landkreisneunkirchen.de\/wp-content\/uploads\/2025\/04\/csm_17-13-0013_c9cb3088f7-1-768x512.webp 768w, https:\/\/www.netzwerkdemenz-landkreisneunkirchen.de\/wp-content\/uploads\/2025\/04\/csm_17-13-0013_c9cb3088f7-1-1200x800.webp 1200w, https:\/\/www.netzwerkdemenz-landkreisneunkirchen.de\/wp-content\/uploads\/2025\/04\/csm_17-13-0013_c9cb3088f7-1.webp 1275w\" sizes=\"auto, (max-width: 709px) 85vw, (max-width: 909px) 67vw, (max-width: 1362px) 62vw, 840px\" \/><\/figure>\n\n\n\n<figure class=\"wp-block-image size-large\"><img loading=\"lazy\" decoding=\"async\" width=\"1024\" height=\"683\" data-id=\"1924\" src=\"https:\/\/www.netzwerkdemenz-landkreisneunkirchen.de\/wp-content\/uploads\/2025\/04\/csm_17-13-0015_d77d136c50-1-1024x683.webp\" alt=\"\" class=\"wp-image-1924\" srcset=\"https:\/\/www.netzwerkdemenz-landkreisneunkirchen.de\/wp-content\/uploads\/2025\/04\/csm_17-13-0015_d77d136c50-1-1024x683.webp 1024w, https:\/\/www.netzwerkdemenz-landkreisneunkirchen.de\/wp-content\/uploads\/2025\/04\/csm_17-13-0015_d77d136c50-1-300x200.webp 300w, https:\/\/www.netzwerkdemenz-landkreisneunkirchen.de\/wp-content\/uploads\/2025\/04\/csm_17-13-0015_d77d136c50-1-768x512.webp 768w, https:\/\/www.netzwerkdemenz-landkreisneunkirchen.de\/wp-content\/uploads\/2025\/04\/csm_17-13-0015_d77d136c50-1-1200x800.webp 1200w, https:\/\/www.netzwerkdemenz-landkreisneunkirchen.de\/wp-content\/uploads\/2025\/04\/csm_17-13-0015_d77d136c50-1.webp 1275w\" sizes=\"auto, (max-width: 709px) 85vw, (max-width: 909px) 67vw, (max-width: 1362px) 62vw, 840px\" \/><\/figure>\n<\/figure>\n\n\n\n<figure class=\"wp-block-image size-large is-resized\"><img loading=\"lazy\" decoding=\"async\" width=\"1024\" height=\"683\" src=\"https:\/\/www.netzwerkdemenz-landkreisneunkirchen.de\/wp-content\/uploads\/2025\/04\/csm_17-13-0051_20b090f7f6-2-1024x683.webp\" alt=\"\" class=\"wp-image-1926\" style=\"width:256px;height:auto\" srcset=\"https:\/\/www.netzwerkdemenz-landkreisneunkirchen.de\/wp-content\/uploads\/2025\/04\/csm_17-13-0051_20b090f7f6-2-1024x683.webp 1024w, https:\/\/www.netzwerkdemenz-landkreisneunkirchen.de\/wp-content\/uploads\/2025\/04\/csm_17-13-0051_20b090f7f6-2-300x200.webp 300w, https:\/\/www.netzwerkdemenz-landkreisneunkirchen.de\/wp-content\/uploads\/2025\/04\/csm_17-13-0051_20b090f7f6-2-768x512.webp 768w, https:\/\/www.netzwerkdemenz-landkreisneunkirchen.de\/wp-content\/uploads\/2025\/04\/csm_17-13-0051_20b090f7f6-2-1200x800.webp 1200w, https:\/\/www.netzwerkdemenz-landkreisneunkirchen.de\/wp-content\/uploads\/2025\/04\/csm_17-13-0051_20b090f7f6-2.webp 1275w\" sizes=\"auto, (max-width: 709px) 85vw, (max-width: 909px) 67vw, (max-width: 1362px) 62vw, 840px\" \/><\/figure>\n\n\n\n<p><\/p>\n\n\n\n<div class=\"wp-block-buttons is-layout-flex wp-block-buttons-is-layout-flex\">\n<div class=\"wp-block-button is-style-fill\"><a class=\"wp-block-button__link has-background wp-element-button\" href=\"\/index.php\/?page_id=831\" style=\"border-style:none;border-width:0px;border-radius:10px;background-color:#003366;font-style:normal;font-weight:400\">zur\u00fcck<\/a><\/div>\n<\/div>\n","protected":false},"excerpt":{"rendered":"<p>Anschrift: Hermannstr.\u00a010, 66538\u00a0Neunkirchen<\/p>\n","protected":false},"author":1,"featured_media":0,"comment_status":"closed","ping_status":"closed","sticky":false,"template":"","format":"standard","meta":{"footnotes":""},"categories":[32],"tags":[],"class_list":["post-1916","post","type-post","status-publish","format-standard","hentry","category-angebot_stationaere_pflege"],"_links":{"self":[{"href":"https:\/\/www.netzwerkdemenz-landkreisneunkirchen.de\/index.php?rest_route=\/wp\/v2\/posts\/1916","targetHints":{"allow":["GET"]}}],"collection":[{"href":"https:\/\/www.netzwerkdemenz-landkreisneunkirchen.de\/index.php?rest_route=\/wp\/v2\/posts"}],"about":[{"href":"https:\/\/www.netzwerkdemenz-landkreisneunkirchen.de\/index.php?rest_route=\/wp\/v2\/types\/post"}],"author":[{"embeddable":true,"href":"https:\/\/www.netzwerkdemenz-landkreisneunkirchen.de\/index.php?rest_route=\/wp\/v2\/users\/1"}],"replies":[{"embeddable":true,"href":"https:\/\/www.netzwerkdemenz-landkreisneunkirchen.de\/index.php?rest_route=%2Fwp%2Fv2%2Fcomments&post=1916"}],"version-history":[{"count":5,"href":"https:\/\/www.netzwerkdemenz-landkreisneunkirchen.de\/index.php?rest_route=\/wp\/v2\/posts\/1916\/revisions"}],"predecessor-version":[{"id":2323,"href":"https:\/\/www.netzwerkdemenz-landkreisneunkirchen.de\/index.php?rest_route=\/wp\/v2\/posts\/1916\/revisions\/2323"}],"wp:attachment":[{"href":"https:\/\/www.netzwerkdemenz-landkreisneunkirchen.de\/index.php?rest_route=%2Fwp%2Fv2%2Fmedia&parent=1916"}],"wp:term":[{"taxonomy":"category","embeddable":true,"href":"https:\/\/www.netzwerkdemenz-landkreisneunkirchen.de\/index.php?rest_route=%2Fwp%2Fv2%2Fcategories&post=1916"},{"taxonomy":"post_tag","embeddable":true,"href":"https:\/\/www.netzwerkdemenz-landkreisneunkirchen.de\/index.php?rest_route=%2Fwp%2Fv2%2Ftags&post=1916"}],"curies":[{"name":"wp","href":"https:\/\/api.w.org\/{rel}","templated":true}]}}